{"id":27845,"date":"2021-06-30T06:08:44","date_gmt":"2021-06-30T05:08:44","guid":{"rendered":"http:\/\/tatobity.cz\/skola\/?p=27845"},"modified":"2021-06-30T10:44:16","modified_gmt":"2021-06-30T09:44:16","slug":"hodnoceni-skolniho-roku-2020-2021","status":"publish","type":"post","link":"https:\/\/tatobity.cz\/skola\/2021\/06\/hodnoceni-skolniho-roku-2020-2021\/","title":{"rendered":"HODNOCEN\u00cd \u0160KOLN\u00cdHO ROKU 2020\/2021"},"content":{"rendered":"<p>Tak tu m\u00e1me konec \u010dervna a s\u00a0n\u00edm i konec \u0161koln\u00edho roku. Leto\u0161n\u00ed \u0161koln\u00ed rok byl op\u011bt neobvykl\u00fd, a proto mi dovolte, abych ho trochu ob\u0161\u00edrn\u011bji shrnul. Dovolte mi tedy, abych je\u0161t\u011b jednou p\u0159ipomenul, co n\u00e1s potkalo, co v\u0161echno jsme za rok stihli a nestihli, a jak prob\u00edhala v\u00fduka.<\/p>\n<p><!--more-->\u0160koln\u00ed rok 2020\/2021 za\u010dal <strong>slavnostn\u00edm otev\u0159en\u00edm druh\u00e9 t\u0159\u00eddy M\u0160<\/strong> <strong>Je\u0161t\u011brek<\/strong> a v\u0161ichni jsme v\u011b\u0159ili, \u017ee \u00fasm\u011bv, kter\u00fd n\u00e1s prov\u00e1zel prvn\u00edm dnem, n\u00e1m vydr\u017e\u00ed a\u017e do konce \u0161koln\u00edho roku. Bohu\u017eel, situace kolem pandemie covid-19 m\u011bla velk\u00fd vliv i na \u0161kolstv\u00ed, tak\u017ee b\u011bhem cel\u00e9ho \u0161koln\u00edho roku doch\u00e1zelo k\u00a0\u010d\u00e1ste\u010dn\u00e9mu, ale i \u00fapln\u00e9mu zav\u0159en\u00ed \u0161koly. Distan\u010dn\u00ed v\u00fduka se st\u0159\u00eddala s\u00a0prezen\u010dn\u00ed (platilo to i v\u00a0M\u0160 pro p\u0159ed\u0161kol\u00e1ky), tvrd\u00e1 opat\u0159en\u00ed st\u0159\u00eddala m\u00edrn\u011bj\u0161\u00ed, tak\u017ee tak\u0159ka cel\u00fd rok (pokud byla prezen\u010dn\u00ed v\u00fduka) jsme museli nosit ve \u0161kole rou\u0161ky a povinn\u011b se testovat (od dubna).<\/p>\n<p>Jen pro zaj\u00edmavost jsem si ud\u011blal chronologick\u00fd soupis zm\u011bn ve \u0161koln\u00edm roce 2020\/2021:<\/p>\n<ol>\n<li><strong> 9. \u2013 13. 10. 2020<\/strong><\/li>\n<\/ol>\n<p><em>\u0160kola i \u0161kolka fungovala prezen\u010dn\u011b bez jak\u00fdchkoliv omezen\u00ed (rou\u0161ky, respir\u00e1tory).<\/em><\/p>\n<p>Prvn\u00edch \u0161est t\u00fddn\u016f bylo ve znamen\u00ed \u201eletn\u00edho uvoln\u011bn\u00ed\u201c s\u00a0t\u00edm, \u017ee jsme z\u00a0M\u0160MT dostaly pokyny, co bude n\u00e1sledovat, kdy\u017e se situace op\u011bt zhor\u0161\u00ed. Vzal jsem to jako fakt s\u00a0t\u00edm, \u017ee to snad bude jen \u201epap\u00edrov\u00e9\u201c doporu\u010den\u00ed, kter\u00e9 se n\u00e1s p\u0159\u00edli\u0161 nedotkne. Prvn\u00ed t\u00fdden jsme tedy se \u0161kolou vyrazili na tradi\u010dn\u00ed <strong>V\u00fdlet za pozn\u00e1n\u00edm (sama sebe)<\/strong> na chatu B\u00e1ra na Benecku a t\u011b\u0161ili jsme se na dal\u0161\u00ed akce \u2013 Koz\u00e1kov, Brambori\u00e1du atd. Koz\u00e1kov pod veden\u00edm PPP Semily byl ale nakonec zru\u0161en (za\u010d\u00ednalo se pomalu smr\u00e1kat nad hromadn\u00fdmi akcemi), tak\u017ee jsme si ho ud\u011blali sami pod veden\u00edm v\u00fdchovn\u00e9ho poradce Mileny Ka\u0161ov\u00e9, a Brambori\u00e1du jsme nakonec tak\u00e9 stihli, i kdy\u017e to bylo jen tak tak. V\u00a0z\u00e1\u0159\u00ed n\u00e1s ve \u0161kole je\u0161t\u011b sta\u010dili nav\u0161t\u00edvit <strong>je\u0161t\u011b\u0159i<\/strong> a \u0161kolka uspo\u0159\u00e1dala pro rodi\u010de stopovanou na t\u00e9ma <strong>Draka bol\u00ed zub<\/strong>, ale to bylo na dlouhou dobu v\u0161echno. Od 14. 10. 2020 do\u0161lo toti\u017e k\u00a0nov\u00e9 etap\u011b vzd\u011bl\u00e1v\u00e1n\u00ed v Z\u0160.<\/p>\n<ol start=\"14\">\n<li><strong> 10. \u2013 17. 11. 2020<\/strong><\/li>\n<\/ol>\n<p><em>Distan\u010dn\u00ed v\u00fduka pro cel\u00fd 1. stupe\u0148, \u0161kolka prezen\u010dn\u011b.<\/em><\/p>\n<p>Od pond\u011bl\u00ed 14. \u0159\u00edjna za\u010dala pro na\u0161e \u0161kol\u00e1ky distan\u010dn\u00ed v\u00fduka. Sestavili jsme pro n\u011b nov\u00fd rozvrh hodin, kde byl kladen d\u016fraz na \u010desk\u00fd jazyk, matematiku, angli\u010dtinu a prvouku (resp. p\u0159\u00edrodov\u011bdu a vlastiv\u011bdu). K\u00a0v\u00fduce jsme vyu\u017e\u00edvali Google Meet, kde m\u011bl ka\u017ed\u00fd u\u010ditel vytvo\u0159enou svoji m\u00edstnost a \u017e\u00e1ci se do n\u00ed p\u0159ihla\u0161ovali v\u00a0ur\u010den\u00fd \u010das. P\u0159ihla\u0161ovaly se v\u017edy cel\u00e9 jednotliv\u00e9 ro\u010dn\u00edky, pouze 1. ro\u010dn\u00edk jsme rozd\u011blili na dv\u011b skupiny po \u010dty\u0159ech, nebo\u0165 jsme cht\u011bli zachovat pokud mo\u017eno kvalitu v\u00fduky a necht\u011bli jsme tvo\u0159it v\u00edce\u010detn\u00e9 skupiny. Bylo to pro n\u00e1s v\u0161echny n\u011bco nov\u00e9ho, zejm\u00e9na hlasivky u\u010ditel\u016f si p\u0159i\u0161ly na sv\u00e9. D\u011bti ale pracovaly vzorn\u011b, p\u0159ihla\u0161ovaly se s\u00a0tak\u0159ka ide\u00e1ln\u00ed p\u0159esnost\u00ed a zadan\u00e9 \u00fakoly se sna\u017eily sv\u011bdomit\u011b plnit. Oproti jarn\u00ed distan\u010dn\u00ed v\u00fduce (zad\u00e1v\u00e1n\u00ed pr\u00e1ce p\u0159es internetov\u00e9 str\u00e1nky \u0161koly na cel\u00fd t\u00fdden) to byl ur\u010dit\u011b krok kup\u0159edu a i rodi\u010de byly s\u00a0na\u0161\u00edm \u0159e\u0161en\u00edm distan\u010dn\u00ed v\u00fduky takto spokojeni.<\/p>\n<p>\u0160kolka pokra\u010dovala v\u00a0tomto obdob\u00ed prezen\u010dn\u011b, bez jak\u00fdchkoliv omezen\u00ed, jen tradi\u010dn\u00ed akce jako <strong>Du\u0161i\u010dkov\u00e1 stopovan\u00e1<\/strong> \u010di <strong>P\u0159\u00edjezd svat\u00e9ho Martina<\/strong> musely prob\u011bhnout dopoledne a bez p\u0159\u00edtomnosti rodi\u010d\u016f.<\/p>\n<ol start=\"18\">\n<li><strong> 11. \u2013 29. 11. 2020<\/strong><\/li>\n<\/ol>\n<p><em>Distan\u010dn\u00ed v\u00fduka pro 3. \u2013 5. ro\u010dn\u00edk, prezen\u010dn\u00ed v\u00fduka pro 1. a 2. ro\u010dn\u00edk (u\u010ditel\u00e9 respir\u00e1tory, \u017e\u00e1ci rou\u0161ky) a celou M\u0160 (d\u011bti i u\u010ditel\u00e9 bez rou\u0161ek \u010di respir\u00e1tor\u016f).<\/em><\/p>\n<p>Od st\u0159edy 18. 11. se do \u0161koly vr\u00e1til 1. a 2. ro\u010dn\u00edk prezen\u010dn\u011b, ov\u0161em bez TV (platilo to a\u017e do kv\u011btna) a zp\u011bvu (platilo to a\u017e do konce \u0161koln\u00edho roku). V\u00fduka zejm\u00e9na pro pan\u00ed u\u010ditelku Ka\u0161ovou byla n\u00e1ro\u010dn\u00e1, proto\u017ee musela odu\u010dit prezen\u010dn\u011b svoji t\u0159\u00eddu a odpoledne pak distan\u010dn\u011b angli\u010dtinu u II. t\u0159\u00eddy. Takov\u00e9to kombinace prezen\u010dn\u00ed a distan\u010dn\u00ed v\u00fduky byly charakteristick\u00e9 pro fungov\u00e1n\u00ed v\u011bt\u0161iny \u0161kol v\u00a0cel\u00e9 \u010cesk\u00e9 republice.<\/p>\n<ol start=\"30\">\n<li><strong> 11. \u2013 20. 12. 2020<\/strong><\/li>\n<\/ol>\n<p><em>Prezen\u010dn\u00ed v\u00fduka pro celou Z\u0160 i M\u0160. <\/em><\/p>\n<p>Ve \u0161kole byla povinn\u00e1 ochrana \u00fast (u\u010ditel\u00e9 respir\u00e1tory, \u017e\u00e1ci rou\u0161ky) a musela b\u00fdt dodr\u017eena homogenita skupin. V\u00a0M\u0160 st\u00e1le platilo, \u017ee d\u011bti i u\u010ditel\u00e9 mohou b\u00fdt po celou dobu bez ochrany \u00fast. Jeliko\u017e byl zak\u00e1zan\u00fd vstup t\u0159et\u00edch osob do budovy (pouze rodi\u010de d\u011bt\u00ed v\u00a0M\u0160 do \u0161koly mohli, ale s\u00a0respir\u00e1torem), nekonalo se rodi\u010dovsk\u00e9 sdru\u017een\u00ed a odpadly i v\u0161echny ostatn\u00ed aktivity \u2013 bruslen\u00ed, v\u00e1no\u010dn\u00ed trhy, v\u00e1no\u010dn\u00ed bes\u00eddka. Na konci listopadu jsme stihli <strong>v\u00e1no\u010dn\u00ed focen\u00ed pro jednotlivce<\/strong> p\u0159i dodr\u017een\u00ed v\u0161ech bezpe\u010dnostn\u00edch pravidel a ve skrytu du\u0161e jsme v\u0161ichni doufali, \u017ee od ledna bude zase v\u0161e \u201enorm\u00e1ln\u00ed\u201c, tak\u017ee jsme v\u011b\u0159ili, \u017ee pl\u00e1novan\u00e9 ly\u017eov\u00e1n\u00ed na Koz\u00e1kov\u011b se na za\u010d\u00e1tku ledna uskute\u010dn\u00ed\u2026<\/p>\n<ol start=\"21\">\n<li><strong> 12. \u2013 3. 1. 2021<\/strong><\/li>\n<\/ol>\n<p><em>Na 21. a 22. 12. byly M\u0160MT vyhl\u00e1\u0161eny <strong>Dny boje proti covidu<\/strong>, co\u017e v\u00a0praxi znamenalo zav\u0159en\u00ed Z\u0160 i M\u0160. Na tyto dva dny plynule nav\u00e1zaly v\u00e1no\u010dn\u00ed pr\u00e1zdniny.<\/em><\/p>\n<ol start=\"4\">\n<li><strong> 1. \u2013 28. 2. 2021<\/strong><\/li>\n<\/ol>\n<p><em>Distan\u010dn\u00ed v\u00fduka pro 3. \u2013 5. ro\u010dn\u00edk, prezen\u010dn\u00ed v\u00fduka pro 1. a 2. ro\u010dn\u00edk (u\u010ditel\u00e9 respir\u00e1tory, \u017e\u00e1ci rou\u0161ky) a celou M\u0160 (d\u011bti i u\u010ditel\u00e9 bez rou\u0161ek \u010di respir\u00e1tor\u016f).<\/em><\/p>\n<p>Ly\u017eov\u00e1n\u00ed na Koz\u00e1kov\u011b padlo a i p\u0159ed\u00e1n\u00ed <strong>vysv\u011bd\u010den\u00ed<\/strong> ve \u0161kole muselo b\u00fdt d\u00edky situaci netradi\u010dn\u00ed \u2013 I. t\u0159\u00edda si ho p\u0159evzala osobn\u011b, II. t\u0159\u00edda dostala v\u00fdpis z\u00a0vysv\u011bd\u010den\u00ed elektronicky (byl rozesl\u00e1n na maily rodi\u010d\u016f).\u00a0 Obdob\u00ed karneval\u016f bylo op\u011bt poznamen\u00e1no r\u016fzn\u00fdmi z\u00e1kazy, tak\u017ee <strong>karneval <\/strong>prob\u011bhl pouze ve \u0161kolce, op\u011bt pouze dopoledne a op\u011bt bez p\u0159\u00edtomnosti rodi\u010d\u016f.<\/p>\n<ol>\n<li><strong> 3. \u2013 11. 4. 2021<\/strong><\/li>\n<\/ol>\n<p><em>Distan\u010dn\u00ed v\u00fduka pro cel\u00fd 1. stupe\u0148 a pro p\u0159ed\u0161kol\u00e1ky.<\/em><\/p>\n<p>V\u00a0tomto obdob\u00ed bylo nutno p\u0159istoupit k\u00a0distan\u010dn\u00ed v\u00fduce pro p\u0159ed\u0161kol\u00e1ky, co\u017e bylo op\u011bt n\u011bco nov\u00e9ho. M\u0160MT po celou dobu v\u016fbec nepamatovalo na vybaven\u00ed \u0161kolek v\u00fdpo\u010detn\u00ed technikou, p\u0159esto od 1. 3. na\u0159\u00eddilo distan\u010dn\u00ed v\u00fduku pro p\u0159ed\u0161kol\u00e1ky. Takov\u00fdto krok je pouze st\u0159\u00edpkem nesyst\u00e9movosti a chaoti\u010dnosti v\u00a0p\u0159\u00edkazech ministerstva, p\u0159esto jsme si i s\u00a0t\u00edm dok\u00e1zali poradit a distan\u010dn\u00ed v\u00fduka pro p\u0159ed\u0161kol\u00e1ky u n\u00e1s fungovala. Op\u011bt jsme vyu\u017eili aplikaci Google Meet, pan\u00ed u\u010ditelka si vytvo\u0159ila vlastn\u00ed m\u00edstnost a ka\u017ed\u00fd den se s\u00a0d\u011btmi pomoc\u00ed pracovn\u00edch list\u016f sna\u017eila plnit v\u0161e pot\u0159ebn\u00e9. Jsem moc r\u00e1d, \u017ee i zde distan\u010dn\u00ed v\u00fduka fungovala bez v\u011bt\u0161\u00edch probl\u00e9m\u016f.<\/p>\n<ol start=\"12\">\n<li><strong> 4. \u2013 2. 5. 2021<\/strong><\/li>\n<\/ol>\n<p><em>Prezen\u010dn\u00ed v\u00fduka pro 1. stupe\u0148 (nutno dodr\u017eet homogenitu skupin, tak\u017ee II. t\u0159\u00edda bez \u0160D) a p\u0159ed\u0161kol\u00e1ky (u\u010ditel\u00e9 respir\u00e1tory, \u017e\u00e1ci rou\u0161ky, d\u011bti v\u00a0M\u0160 bez ochrany \u00fast, i kdy\u017e se chv\u00edli uva\u017eovalo i o tom\u2026), ostatn\u00ed d\u011bti M\u0160 bez osobn\u00ed p\u0159\u00edtomnosti.<\/em><\/p>\n<p>Od 12. dubna se do \u0161koly vr\u00e1tili v\u0161ichni \u017e\u00e1ci 1. stupn\u011b, povinn\u00e1 byla ochrana \u00fast. Malot\u0159\u00eddn\u00ed \u0161koly dostaly v\u00fdjimku, tak\u017ee <strong>nemusela prob\u00edhat rotace<\/strong> (t\u00fdden ve \u0161kole, t\u00fdden doma) jako u \u00fapln\u00fdch Z\u0160 nad 75 d\u011bt\u00ed 1. stupn\u011b, <strong>museli jsme se<\/strong> v\u0161ak v\u0161ichni (zam\u011bstnanci, \u017e\u00e1ci i d\u011bti v\u00a0M\u0160) dvakr\u00e1t t\u00fddn\u011b <strong>testovat<\/strong> pomoc\u00ed antigenn\u00edch test\u016f (pond\u011bl\u00ed a \u010dtvrtek). Na\u0161t\u011bst\u00ed nikdo nebyl pozitivn\u00ed, proto\u017ee to by znamenalo op\u011btovn\u00e9 uzav\u0159en\u00ed cel\u00e9 \u0161koly. Jeliko\u017e op\u011bt platila \u201edobrovolnost\u201c v\u00fduky (kdo se necht\u011bl nechat testovat, do \u0161koly chodit nemusel a absence byla br\u00e1na jako omluven\u00e1), jsem moc r\u00e1d, \u017ee se do \u0161koly vr\u00e1tili v\u0161ichni \u017e\u00e1ci a nikdo t\u00e9to \u201edobrovolnosti\u201c nevyu\u017eil.<\/p>\n<p>Ve \u010dtvrtek 22. 4. prob\u011bhlo <strong>on-line rodi\u010dovsk\u00e9 sdru\u017een\u00ed<\/strong>, proto\u017ee jinak bychom se za cel\u00fd rok v\u016fbec nevid\u011bli. S\u00a0rodi\u010di \u017e\u00e1k\u016f 5. ro\u010dn\u00edku jsme se alespo\u0148 takto mohli rozlou\u010dit a pop\u0159\u00e1t jim pevn\u00e9 nervyJ v\u00a0dal\u0161\u00edm studiu jejich d\u011bt\u00ed na jin\u00fdch \u0161kol\u00e1ch. P\u0159ipraveni jsou, tak\u017ee se ni\u010deho b\u00e1t nemus\u00ed. V\u011b\u0159\u00edm tak\u00e9, \u017ee u\u017e to od z\u00e1\u0159\u00ed bude op\u011bt \u201enorm\u00e1ln\u00ed\u201c, ale u\u017e tolikr\u00e1t jsem v\u011b\u0159il, \u017ee sp\u00ed\u0161 ne\u017e v\u00edra to je moje zbo\u017en\u00e9 p\u0159\u00e1n\u00ed\u2026<\/p>\n<p>V\u00a0pr\u016fb\u011bhu dubna tak\u00e9 prob\u00edhal <strong>z\u00e1pis do 1. ro\u010dn\u00edku bez osobn\u00ed p\u0159\u00edtomnosti \u017e\u00e1k\u016f<\/strong> a jsem r\u00e1d, \u017ee se pomalu za\u010d\u00edn\u00e1 projevovat otev\u0159en\u00ed druh\u00e9 t\u0159\u00eddy M\u0160. Jeden rodi\u010d po\u017e\u00e1dal o odklad P\u0160D (i kdy\u017e ne na na\u0161\u00ed \u0161kole) a do 1. ro\u010dn\u00edku se n\u00e1m tak p\u0159ihl\u00e1silo celkem <strong>deset<\/strong> nov\u00fdch prv\u0148\u00e1k\u016f. Snad se p\u0159es pr\u00e1zdniny nic neo\u010dek\u00e1van\u00e9ho nestane a 1. z\u00e1\u0159\u00ed v\u0161echny p\u0159iv\u00edt\u00e1me v\u00a0I. t\u0159\u00edd\u011b.<\/p>\n<ol start=\"3\">\n<li><strong> 5. \u2013 30. 6. 2021<\/strong><\/li>\n<\/ol>\n<p><em>Prezen\u010dn\u00ed v\u00fduka pro Z\u0160 a M\u0160 (\u017e\u00e1ci a zam\u011bstnanci rou\u0161ky resp. respir\u00e1tory a pravideln\u00e9 testov\u00e1n\u00ed jedenkr\u00e1t t\u00fddn\u011b v\u00a0pond\u011bl\u00ed, d\u011bti v\u00a0M\u0160 bez ochrany \u00fast a testov\u00e1n\u00ed), povolena t\u011blesn\u00e1 v\u00fdchova venku, zp\u011bv v\u0161ak je\u0161t\u011b nikoli, zru\u0161ena homogenita skupin (i kdy\u017e byla i nad\u00e1le doporu\u010dena).<\/em><\/p>\n<p><u>Z\u00e1v\u011bre\u010dn\u00e9 shrnut\u00ed \u00fa\u010dasti na v\u00fduce ve \u0161koln\u00edm roce 2020 \u2013 2021 (zaokrouhleno na m\u011bs\u00edce)<\/u><\/p>\n<p>&nbsp;<\/p>\n<table>\n<tbody>\n<tr>\n<td width=\"154\">\u00fa\u010dast na v\u00fduce<\/td>\n<td width=\"154\">Beru\u0161ky<\/td>\n<td width=\"154\">Je\u0161t\u011brky<\/td>\n<td width=\"154\">I. t\u0159\u00edda<\/td>\n<td width=\"154\">II. t\u0159\u00edda<\/td>\n<\/tr>\n<tr>\n<td width=\"154\">prezen\u010dn\u011b<\/td>\n<td width=\"154\">8<\/td>\n<td width=\"154\">8,5<\/td>\n<td width=\"154\">7,5<\/td>\n<td width=\"154\">5<\/td>\n<\/tr>\n<tr>\n<td width=\"154\">distan\u010dn\u011b<\/td>\n<td width=\"154\">0<\/td>\n<td width=\"154\">1,5<\/td>\n<td width=\"154\">2,5<\/td>\n<td width=\"154\">5<\/td>\n<\/tr>\n<tr>\n<td width=\"154\">bez v\u00fduky<\/td>\n<td width=\"154\">2<\/td>\n<td width=\"154\">0<\/td>\n<td width=\"154\">0<\/td>\n<td width=\"154\">0<\/td>\n<\/tr>\n<\/tbody>\n<\/table>\n<p>&nbsp;<\/p>\n<p>V\u00a0prvn\u00ed polovin\u011b kv\u011btna prob\u011bhlo <strong>p\u0159ij\u00edm\u00e1n\u00ed do M\u0160<\/strong> a jsem r\u00e1d, \u017ee jsem mohl vyhov\u011bt v\u0161em <strong>dev\u00edti<\/strong> \u017e\u00e1dostem, tak\u017ee po\u010det d\u011bt\u00ed pro p\u0159\u00ed\u0161t\u00ed rok se v\u00a0M\u0160 nijak v\u00fdrazn\u011b nezm\u011bn\u00ed. V\u00a0podstat\u011b jsme na hranici kapacity, proto\u017ee krom\u011b kapacity Z\u0160 a M\u0160 vstupuje do hry i kapacita \u0160J, kde jsme tak\u0159ka na jej\u00edm vrcholu. I to je tedy dal\u0161\u00ed bod k\u00a0jedn\u00e1n\u00ed, kter\u00e9 n\u00e1s bude \u010dekat. \u0158e\u0161en\u00ed bych m\u011bl, ale zda je re\u00e1ln\u00e9, to uk\u00e1\u017ee teprve \u010das.<\/p>\n<p>Valn\u00e1 v\u011bt\u0161ina tradi\u010dn\u00edch jarn\u00edch akc\u00ed musela b\u00fdt sice zru\u0161ena (zejm\u00e9na Vlast\u00edk a plav\u00e1n\u00ed), p\u0159esto jsme se v\u00a0r\u00e1mci mo\u017enost\u00ed sna\u017eili d\u011btem vynahradit t\u00fddny izolace. \u0160kolka vyjela do <strong>ZOO Chleby<\/strong>, uspo\u0159\u00e1dali jsme pro n\u011b <strong>Den d\u011bt\u00ed s\u00a0p\u0159ekvapen\u00edm<\/strong> (sk\u00e1kac\u00ed trampol\u00edna za \u0161kolou), prob\u011bhlo <strong>dopravn\u00ed h\u0159i\u0161t\u011b<\/strong> a na \u0161koln\u00ed v\u00fdlet jsme vyjeli na <strong>rafty<\/strong> na Labe (ze Dvora Kr\u00e1lov\u00e9 na Kuks). Nechyb\u011bla ani tradi\u010dn\u00ed <strong>stopovan\u00e1<\/strong> na konec \u0161koln\u00edho roku.<\/p>\n<p><strong>Sb\u011br pap\u00edru <\/strong>pokra\u010doval i letos \u2013 sebrali jsme 770 kg pap\u00edru (0,50 hal\/kg), 300 kg lepenky (zdarma) a 10 kg pet lahv\u00ed (0,50 hal\/kg). M\u00e1te-li st\u00e1le je\u0161t\u011b n\u011bco doma, p\u0159ineste to do \u0161koly sv\u00e1zan\u00e9 v\u00a0max. 10 kg bal\u00ed\u010dc\u00edch a pomozte podpo\u0159it na\u0161i \u010dinnost. I kdy\u017e cena za pap\u00edr i pet lahve klesla a za karton nedost\u00e1v\u00e1me nic, i nad\u00e1le budeme ve sb\u011bru pokra\u010dovat.<\/p>\n<p>Co \u0159\u00edci z\u00e1v\u011brem?<\/p>\n<p>Leto\u0161n\u00ed \u0161koln\u00ed rok byl \u00fapln\u011b jin\u00fd. Z\u00edskali jsme novou zku\u0161enost s\u00a0distan\u010dn\u00ed v\u00fdukou i celkovou situac\u00ed v\u00a0republice. Z\u00a0hlediska \u0161kolstv\u00ed m\u011b zklamala komunikace s\u00a0na\u0161\u00edm ministerstvem \u2013 v\u011bt\u0161ina z\u00e1sadn\u00edch informac\u00ed prob\u011bhla nejprve m\u00e9dii, ministr s\u00a0n\u00e1mi komunikoval zpo\u010d\u00e1tku velmi m\u00e1lo a v\u011bt\u0161ina opat\u0159en\u00ed byla pod\u00e1v\u00e1na velmi chaoticky. Otv\u00edr\u00e1n\u00ed i zav\u00edr\u00e1n\u00ed \u0161kol n\u011bkdy prob\u00edhalo \u201eze dne na den\u201c, ani\u017e by se n\u011bkdo pozastavil nad provozem. Toto v\u0161ak bylo p\u0159\u00edzna\u010dn\u00e9 bohu\u017eel nejen pro \u0161kolstv\u00ed. Na druhou stranu mus\u00edm \u0159\u00edci, \u017ee hluboce smek\u00e1m p\u0159ed na\u0161imi \u017e\u00e1ky, nebo\u0165 cel\u00e9 obdob\u00ed distan\u010dn\u00ed v\u00fduky zvl\u00e1dli v\u00fdborn\u011b, pracovali zodpov\u011bdn\u011b, a i kdy\u017e jsme na konci byli v\u0161ichni unaven\u00ed, sna\u017eili se ulo\u017een\u00e9 \u00fakoly plnit a v\u0161e zadan\u00e9 zvl\u00e1dli. P\u0159esv\u011bd\u010dil jsem se o tom po jejich n\u00e1vratu do \u0161koly, kdy nebyly v\u00fdrazn\u011bj\u0161\u00ed nedostatky v\u00a0probran\u00e9m u\u010divu, a do konce roku jsme stihli v\u00a0r\u00e1mci mo\u017enost\u00ed v\u0161e doprocvi\u010dit. Ur\u010dit\u011b to nen\u00ed takov\u00e9, jako kdyby chodili do \u0161koly, ale nikdy jsem od nich nezaznamenal ne\u0161vary, kter\u00e9 jsem sly\u0161el od ostatn\u00edch koleg\u016f (nep\u0159ipojov\u00e1n\u00ed se na v\u00fduku, z\u00e1m\u011brn\u00e9 vyp\u00edn\u00e1n\u00ed kamery a zvuku, neodevzd\u00e1v\u00e1n\u00ed zadan\u00e9 pr\u00e1ce apod.). <strong>Moc v\u0161em \u017e\u00e1k\u016fm d\u011bkuji<\/strong> za jejich poctiv\u00fd p\u0159\u00edstup a v\u011b\u0159\u00edm, \u017ee se jim to jednou v\u00a0\u017eivot\u011b vr\u00e1t\u00ed\u2026<\/p>\n<p>A na \u00fapln\u00fd z\u00e1v\u011br bych r\u00e1d pod\u011bkoval i ostatn\u00edm. V\u00a0prvn\u00ed \u0159ad\u011b bych cht\u011bl pod\u011bkovat v\u0161em m\u00fdm spolupracovn\u00edk\u016fm \u2013 pan\u00ed u\u010ditelce, pan\u00ed vychovatelce, pan\u00edm u\u010ditelk\u00e1m ve \u0161kolce, pan\u00edm kucha\u0159k\u00e1m a pan\u00edm \u0161kolnic\u00edm. Bez jejich poctiv\u00e9 pr\u00e1ce si nedovedu chod \u0161koly v\u016fbec p\u0159edstavit.<\/p>\n<p>Z\u00e1jmov\u00e9 krou\u017eky letos kv\u016fli situaci nemohly b\u00fdt, p\u0159esto v\u011b\u0159\u00edm, \u017ee pokud to situace dovol\u00ed, v\u0161ichni, kdo n\u00e1m pom\u00e1hali, n\u00e1m z\u016fstanou v\u011brni a p\u0159\u00ed\u0161t\u00ed rok se na n\u011b budu moci op\u011bt spolehnout.<\/p>\n<p>D\u00edk pat\u0159\u00ed Obci Tatobity v\u00a0\u010dele s\u00a0pan\u00ed starostkou Lenkou Malou, nebo\u0165 i obec m\u00e1 lv\u00ed pod\u00edl na spoust\u011b akc\u00ed \u2013 od drobn\u00e9, neviditeln\u00e9 dennodenn\u00ed pr\u00e1ce po t\u0159eba vybudov\u00e1n\u00ed nov\u00e9ho sportovn\u00edho koutku u \u0161koly. D\u011bkuji sponzor\u016fm za p\u0159\u00edsp\u011bvky. D\u011bkuji rodi\u010d\u016fm, \u017ee jim osud \u0161koly nen\u00ed lhostejn\u00fd a pom\u00e1haj\u00ed, kde se d\u00e1. D\u011bkuji PPP Semily za v\u00fdbornou celoro\u010dn\u00ed spolupr\u00e1ci. V\u00a0neposledn\u00ed \u0159ad\u011b d\u011bkuji i v\u00e1m v\u0161em, kdo jste pom\u00e1hali a pom\u00e1h\u00e1te \u0161kole v\u00a0tom, aby vzkv\u00e9tala. Je\u0161t\u011b jednou <strong>D\u011aKUJI<\/strong> a v\u011b\u0159\u00edm, \u017ee v\u0161ichni spole\u010dn\u011b ud\u011bl\u00e1me v\u0161e pro to, aby p\u0159\u00ed\u0161t\u00ed rok byl bohat\u0161\u00ed ne\u017e ten leto\u0161n\u00ed a aby d\u011btem nemizel \u00fasm\u011bv z tv\u00e1\u0159e a slun\u00ed\u010dko z\u00a0du\u0161e.<\/p>\n<p>P\u0159eji v\u00e1m kr\u00e1sn\u00e9 klidn\u00e9 pr\u00e1zdniny, pohodovou dovolenou a v\u00a0z\u00e1\u0159\u00ed zase na vid\u011bnou.<\/p>\n<p>Mgr. Pavel Van\u011bk<\/p>\n<p>\u0159editel \u0161koly<\/p>\n<p>PS: Je\u0161t\u011b jen pro p\u0159ipomenut\u00ed &#8211; \u0161kolka bude uzav\u0159ena od 12. \u010dervence do 13.\u00a0srpna 2021. <strong>Ve\u00a0st\u0159edu 25. srpna 2021 od 16:30 se ve \u0161kolce kon\u00e1 rodi\u010dovsk\u00e9 sdru\u017een\u00ed pro rodi\u010de nov\u00fdch Beru\u0161ek a Je\u0161t\u011brek<\/strong><strong>\u00a0\u2013 \u00fa\u010dast je nutn\u00e1!<\/strong><\/p>\n<p>&nbsp;<\/p>\n<p>&nbsp;<\/p>\n<p>&nbsp;<\/p>\n","protected":false},"excerpt":{"rendered":"<p>Tak tu m\u00e1me konec \u010dervna a s\u00a0n\u00edm i konec \u0161koln\u00edho roku. Leto\u0161n\u00ed \u0161koln\u00ed rok byl op\u011bt neobvykl\u00fd, a proto mi dovolte, abych ho trochu ob\u0161\u00edrn\u011bji shrnul. Dovolte mi tedy, abych je\u0161t\u011b jednou p\u0159ipomenul, co n\u00e1s potkalo, co v\u0161echno jsme za rok stihli a nestihli, a jak prob\u00edhala v\u00fduka.<\/p>\n","protected":false},"author":10,"featured_media":27853,"comment_status":"closed","ping_status":"closed","sticky":false,"template":"","format":"standard","meta":{"ngg_post_thumbnail":0,"footnotes":""},"categories":[82],"tags":[],"class_list":["post-27845","post","type-post","status-publish","format-standard","has-post-thumbnail","hentry","category-kultura-2020-2021"],"_links":{"self":[{"href":"https:\/\/tatobity.cz\/skola\/wp-json\/wp\/v2\/posts\/27845","targetHints":{"allow":["GET"]}}],"collection":[{"href":"https:\/\/tatobity.cz\/skola\/wp-json\/wp\/v2\/posts"}],"about":[{"href":"https:\/\/tatobity.cz\/skola\/wp-json\/wp\/v2\/types\/post"}],"author":[{"embeddable":true,"href":"https:\/\/tatobity.cz\/skola\/wp-json\/wp\/v2\/users\/10"}],"replies":[{"embeddable":true,"href":"https:\/\/tatobity.cz\/skola\/wp-json\/wp\/v2\/comments?post=27845"}],"version-history":[{"count":1,"href":"https:\/\/tatobity.cz\/skola\/wp-json\/wp\/v2\/posts\/27845\/revisions"}],"predecessor-version":[{"id":27846,"href":"https:\/\/tatobity.cz\/skola\/wp-json\/wp\/v2\/posts\/27845\/revisions\/27846"}],"wp:featuredmedia":[{"embeddable":true,"href":"https:\/\/tatobity.cz\/skola\/wp-json\/wp\/v2\/media\/27853"}],"wp:attachment":[{"href":"https:\/\/tatobity.cz\/skola\/wp-json\/wp\/v2\/media?parent=27845"}],"wp:term":[{"taxonomy":"category","embeddable":true,"href":"https:\/\/tatobity.cz\/skola\/wp-json\/wp\/v2\/categories?post=27845"},{"taxonomy":"post_tag","embeddable":true,"href":"https:\/\/tatobity.cz\/skola\/wp-json\/wp\/v2\/tags?post=27845"}],"curies":[{"name":"wp","href":"https:\/\/api.w.org\/{rel}","templated":true}]}}